{"id":5829,"date":"2026-01-06T15:06:17","date_gmt":"2026-01-06T14:06:17","guid":{"rendered":"https:\/\/www.billy-montigny.fr\/site\/?p=5829"},"modified":"2026-01-06T15:20:37","modified_gmt":"2026-01-06T14:20:37","slug":"charte-dutilisation-et-de-moderation","status":"publish","type":"post","link":"https:\/\/www.billy-montigny.fr\/site\/actualites\/charte-dutilisation-et-de-moderation\/","title":{"rendered":"R\u00e9glementation Facebook"},"content":{"rendered":"<h6>Charte d&rsquo;utilisation et de mod\u00e9ration.<\/h6>\n<h6>La ville de Billy-Montigny a instaur\u00e9 une charte d\u2019utilisation et de mod\u00e9ration afin de veiller \u00e0 la qualit\u00e9 des d\u00e9bats et au respect mutuel.<\/h6>\n<p><!--more--><\/p>\n<p>La page Facebook Ville de Billy-Montigny communique des informations officielles au m\u00eame titre que le journal mensuel communal et le site internet.<\/p>\n<p>Cette page est g\u00e9r\u00e9e par le service communication de la ville et est, par cons\u00e9quent, un outil de communication propre \u00e0 la commune, merci d\u2019\u00e9changer avec neutralit\u00e9 politique.<\/p>\n<h5>MOD\u00c9RATION<\/h5>\n<p>Chaque utilisateur est libre d\u2019aimer, partager, commenter selon les fonctionnalit\u00e9s propos\u00e9es par le r\u00e9seau social.<\/p>\n<p>Afin que les \u00e9changes soient riches, les utilisateurs sont invit\u00e9s \u00e0 d\u00e9battre sur des arguments de fond et non d\u2019invectives. Il est \u00e9galement demand\u00e9 de r\u00e9agir aux publications par des commentaires portant sur le sujet initial.<\/p>\n<p>L\u2019\u00e9quipe de mod\u00e9ration se r\u00e9serve le droit de masquer ou supprimer tout commentaire contenant\u00a0 :<\/p>\n<ul>\n<li>Propos hors-sujets, superflus, r\u00e9p\u00e9titifs, sans apports particuliers pour les \u00e9changes ;<\/li>\n<li>Propos grossiers, d\u00e9nigrants, diffamatoires (insultes, attaques se basant sur l\u2019ethnie, l\u2019orientation sexuelle, les croyances, le sexe\u2026) ;<\/li>\n<li>Propos incitant \u00e0 la consommation de drogues, \u00e0 la haine, \u00e0 la provocation, discrimination, harc\u00e8lement\u2026 ;<\/li>\n<li>Informations obsol\u00e8tes ou ayant d\u00e9j\u00e0 \u00e9t\u00e9 trait\u00e9es ;<\/li>\n<li>Liens externes, publicitaires ou concurrents (spamming) ;<\/li>\n<li>Conversations priv\u00e9es ;<\/li>\n<li>Des obsc\u00e9nit\u00e9s, de la pornographie.<\/li>\n<\/ul>\n<p>Les commentaires visant les citoyens, les membres de la municipalit\u00e9, les \u00e9lus ou les agents municipaux seront supprim\u00e9s.<\/p>\n<p>Dans le cas de non-respect des r\u00e8gles \u00e0 r\u00e9p\u00e9tition, l\u2019\u00e9quipe administratrice pourra bannir l\u2019utilisateur en cause.<\/p>\n<p>Dans le cadre d\u2019infraction aux lois, les administrateurs pourront transmettre aux autorit\u00e9s concern\u00e9es les contenus probl\u00e9matiques partag\u00e9s sur la page.<\/p>\n<h5>RESERVE POLITIQUE<\/h5>\n<p>La page Facebook \u201cVille de Billy-Montigny\u201d a pour principal objectif de partager l\u2019actualit\u00e9 de la ville, des services municipaux, des informations utiles. Cette page n\u2019est pas un outil d\u2019expression politique, elle respecte les principes de neutralit\u00e9 du service public. Il est alors demand\u00e9 \u00e0 tout utilisateur de faire preuve de r\u00e9serve dans l\u2019expression d\u2019opinions politiques sur cette page.<\/p>\n<h5>DROIT \u00c0 L&rsquo;IMAGE<\/h5>\n<p>Le service communication ainsi que les services municipaux sont amen\u00e9s \u00e0 partager r\u00e9guli\u00e8rement du contenu mettant en avant la vie Billysienne.<\/p>\n<p>Pour des raisons \u00e9videntes, il n\u2019est pas possible d\u2019obtenir l\u2019autorisation sign\u00e9e de l\u2019ensemble des citoyens pour une diffusion de photos prises au cours d\u2019\u00e9v\u00e9nements. Dans l\u2019\u00e9ventualit\u00e9 o\u00f9 vous ne souhaitez pas appara\u00eetre sur nos r\u00e9seaux ou sur notre site internet, merci de faire suivre votre demande au service communication. Celle-ci sera flout\u00e9e ou retir\u00e9e si possible.<\/p>\n<p>&nbsp;<\/p>\n<p>L\u2019\u00e9quipe de mod\u00e9ration de la page Facebook se r\u00e9serve le droit de modifier les termes, conditions et mentions de la pr\u00e9sente charte \u00e0 tout moment, sans avis pr\u00e9alable. Il est donc conseill\u00e9 aux utilisateurs de consulter r\u00e9guli\u00e8rement la derni\u00e8re version de cette charte disponible sur la page.<\/p>\n","protected":false},"excerpt":{"rendered":"<p>Charte d&rsquo;utilisation et de mod\u00e9ration. La ville de Billy-Montigny a instaur\u00e9 une charte d\u2019utilisation et de mod\u00e9ration afin de veiller \u00e0 la qualit\u00e9 des d\u00e9bats et au respect mutuel.<\/p>\n","protected":false},"author":5,"featured_media":5828,"comment_status":"closed","ping_status":"closed","sticky":false,"template":"","format":"standard","meta":{"footnotes":""},"categories":[2],"tags":[],"class_list":["post-5829","post","type-post","status-publish","format-standard","has-post-thumbnail","hentry","category-actualites"],"publishpress_future_action":{"enabled":false,"date":"2026-05-09 00:55:06","action":"change-status","newStatus":"draft","terms":[],"taxonomy":"category","extraData":[]},"publishpress_future_workflow_manual_trigger":{"enabledWorkflows":[]},"_links":{"self":[{"href":"https:\/\/www.billy-montigny.fr\/site\/wp-json\/wp\/v2\/posts\/5829","targetHints":{"allow":["GET"]}}],"collection":[{"href":"https:\/\/www.billy-montigny.fr\/site\/wp-json\/wp\/v2\/posts"}],"about":[{"href":"https:\/\/www.billy-montigny.fr\/site\/wp-json\/wp\/v2\/types\/post"}],"author":[{"embeddable":true,"href":"https:\/\/www.billy-montigny.fr\/site\/wp-json\/wp\/v2\/users\/5"}],"replies":[{"embeddable":true,"href":"https:\/\/www.billy-montigny.fr\/site\/wp-json\/wp\/v2\/comments?post=5829"}],"version-history":[{"count":6,"href":"https:\/\/www.billy-montigny.fr\/site\/wp-json\/wp\/v2\/posts\/5829\/revisions"}],"predecessor-version":[{"id":5835,"href":"https:\/\/www.billy-montigny.fr\/site\/wp-json\/wp\/v2\/posts\/5829\/revisions\/5835"}],"wp:featuredmedia":[{"embeddable":true,"href":"https:\/\/www.billy-montigny.fr\/site\/wp-json\/wp\/v2\/media\/5828"}],"wp:attachment":[{"href":"https:\/\/www.billy-montigny.fr\/site\/wp-json\/wp\/v2\/media?parent=5829"}],"wp:term":[{"taxonomy":"category","embeddable":true,"href":"https:\/\/www.billy-montigny.fr\/site\/wp-json\/wp\/v2\/categories?post=5829"},{"taxonomy":"post_tag","embeddable":true,"href":"https:\/\/www.billy-montigny.fr\/site\/wp-json\/wp\/v2\/tags?post=5829"}],"curies":[{"name":"wp","href":"https:\/\/api.w.org\/{rel}","templated":true}]}}